{"id":1124,"date":"2021-12-18T14:22:30","date_gmt":"2021-12-18T14:22:30","guid":{"rendered":"https:\/\/sv-thoerl-maglern.at\/?p=1124"},"modified":"2021-12-18T14:24:10","modified_gmt":"2021-12-18T14:24:10","slug":"neuer-eislaufplatz-die-eiszeit-hat-begonnen","status":"publish","type":"post","link":"https:\/\/sv-thoerl-maglern.at\/?p=1124","title":{"rendered":"Neuer Eislaufplatz &#8211; Die Eiszeit hat begonnen!"},"content":{"rendered":"<p><strong>Der neue Eislaufplatz in der Ladina ist seit Samstag 18.12.2021 in Betrieb!<\/strong><\/p>\n<p>Vielen Dank allen Helfern die daran beteiligt waren, und ganz besonders unserem Eismeister<br \/>\nDieter Scheliessnig!<\/p>\n<p>T\u00e4glich ab 14:00 Uhr gibt es auch wieder Kantinenbetrieb.<\/p>\n<p>Die Einhaltung der aktuell g\u00fcltigen 2G Regel wird nat\u00fcrlich kontrolliert.<\/p>\n<p>Wir freuen uns auf Euer kommen!<\/p>\n<p>M\u00f6ge diese K\u00e4lteperiode noch l\u00e4nger andauern \ud83d\ude09<\/p>\n","protected":false},"excerpt":{"rendered":"<p>Der neue Eislaufplatz in der Ladina ist seit Samstag 18.12.2021 in Betrieb! Vielen Dank allen Helfern die daran beteiligt waren, und ganz besonders unserem Eismeister Dieter Scheliessnig! T\u00e4glich ab 14:00 Uhr gibt es auch wieder Kantinenbetrieb. Die Einhaltung der aktuell<\/p>\n<a href=\"https:\/\/sv-thoerl-maglern.at\/?p=1124\" class=\"btn frontech-btn\"><span><\/span>Read More<\/a>","protected":false},"author":1,"featured_media":1126,"comment_status":"closed","ping_status":"closed","sticky":false,"template":"","format":"standard","meta":{"footnotes":""},"categories":[6],"tags":[],"class_list":["post-1124","post","type-post","status-publish","format-standard","has-post-thumbnail","hentry","category-freizeit"],"_links":{"self":[{"href":"https:\/\/sv-thoerl-maglern.at\/index.php?rest_route=\/wp\/v2\/posts\/1124","targetHints":{"allow":["GET"]}}],"collection":[{"href":"https:\/\/sv-thoerl-maglern.at\/index.php?rest_route=\/wp\/v2\/posts"}],"about":[{"href":"https:\/\/sv-thoerl-maglern.at\/index.php?rest_route=\/wp\/v2\/types\/post"}],"author":[{"embeddable":true,"href":"https:\/\/sv-thoerl-maglern.at\/index.php?rest_route=\/wp\/v2\/users\/1"}],"replies":[{"embeddable":true,"href":"https:\/\/sv-thoerl-maglern.at\/index.php?rest_route=%2Fwp%2Fv2%2Fcomments&post=1124"}],"version-history":[{"count":2,"href":"https:\/\/sv-thoerl-maglern.at\/index.php?rest_route=\/wp\/v2\/posts\/1124\/revisions"}],"predecessor-version":[{"id":1127,"href":"https:\/\/sv-thoerl-maglern.at\/index.php?rest_route=\/wp\/v2\/posts\/1124\/revisions\/1127"}],"wp:featuredmedia":[{"embeddable":true,"href":"https:\/\/sv-thoerl-maglern.at\/index.php?rest_route=\/wp\/v2\/media\/1126"}],"wp:attachment":[{"href":"https:\/\/sv-thoerl-maglern.at\/index.php?rest_route=%2Fwp%2Fv2%2Fmedia&parent=1124"}],"wp:term":[{"taxonomy":"category","embeddable":true,"href":"https:\/\/sv-thoerl-maglern.at\/index.php?rest_route=%2Fwp%2Fv2%2Fcategories&post=1124"},{"taxonomy":"post_tag","embeddable":true,"href":"https:\/\/sv-thoerl-maglern.at\/index.php?rest_route=%2Fwp%2Fv2%2Ftags&post=1124"}],"curies":[{"name":"wp","href":"https:\/\/api.w.org\/{rel}","templated":true}]}}